{"id":20,"date":"2024-03-26T11:13:29","date_gmt":"2024-03-26T14:13:29","guid":{"rendered":"https:\/\/psicologomaringa.com\/?p=20"},"modified":"2024-03-27T14:15:49","modified_gmt":"2024-03-27T17:15:49","slug":"psicologo-comportamental-anderson-goncales-maringa-parana-atendimento-presencial-e-online","status":"publish","type":"post","link":"https:\/\/psicologomaringa.com\/index.php\/2024\/03\/26\/psicologo-comportamental-anderson-goncales-maringa-parana-atendimento-presencial-e-online\/","title":{"rendered":"Psic\u00f3logo Comportamental Anderson Gon\u00e7ales Maring\u00e1 &#8211; Paran\u00e1 &#8211; atendimento presencial e online"},"content":{"rendered":"\n<figure class=\"wp-block-image aligncenter is-style-default\"><a href=\"https:\/\/www.blogger.com\/#\"><img decoding=\"async\" src=\"https:\/\/blogger.googleusercontent.com\/img\/b\/R29vZ2xl\/AVvXsEj1yz34J7TPSth1LdetoRu7GAYTRw4ZdVH0mgy6KERWWYFjNpXLOohYzniMar7JnFAQq0OLMK7Pd1xGlhwSROkdzyly8D6fTjWz4IFMxwoFmapx-WCN-xWeMSUUarxHeHdZqy6cpkrYJvI\/s640\/sa%25C3%25BAde-emocional-slide.jpg\" alt=\"\"\/><\/a><\/figure>\n\n\n\n<hr class=\"wp-block-separator has-alpha-channel-opacity\"\/>\n\n\n\n<p>Bem vindo\/a Cl\u00ednica de Psicologia, psic\u00f3logo Anderson Gon\u00e7ales,&nbsp;CRP 08\/22439, Maring\u00e1, Paran\u00e1.<\/p>\n\n\n\n<p>Para agendamento&nbsp;de sess\u00e3o presencial ou on-line, consultar&nbsp;valores, pacotes promocionais e esclarecer outras d\u00favidas,&nbsp;ligue&nbsp;(44) 9.9910-7328&nbsp;ou envie mensagem de Whatsapp, clique no bot\u00e3o abaixo:<\/p>\n\n\n\n<figure class=\"wp-block-image\"><img decoding=\"async\" src=\"https:\/\/blogger.googleusercontent.com\/img\/b\/R29vZ2xl\/AVvXsEiTgdopC-5gt7kzUDlJs7xlN839IG2tQ5rY34t8bjpUNrtNhKT11V91VkeDGUTqKwLIiYXPz9B36V2OXHBdqPIadm13aZm0XUedz6LYHpIUcYqD2cKOnGIiw62Kr7-6YaQKDm2-eZrQKY0y\/w221-h54\/contatowhats.png\" alt=\"\"\/><\/figure>\n\n\n\n<p><a href=\"https:\/\/www.blogger.com\/#\"><\/a><\/p>\n\n\n\n<p><strong>A TRAJET\u00d3RIA DE ANDERSON GON\u00c7ALES NA PSICOLOGIA<\/strong><\/p>\n\n\n\n<figure class=\"wp-block-image aligncenter\"><a href=\"https:\/\/www.blogger.com\/#\"><img decoding=\"async\" src=\"https:\/\/blogger.googleusercontent.com\/img\/b\/R29vZ2xl\/AVvXsEgOYtpRnDian-hy-eX9QD6LDO6W1euPd7oEmXfk1cvWBVRCXsYYgYP8GL72F8PdBTnAT_hv6qFdEoJRiIR9q24lwAizmlLMYJss9sOt0YNiX4Ww0-tstqOZyyWOL9rKE0CecAVMbTlDaBiRFIDPpzVYy86bwUbtRRKxLso1NQ9KAlFpSgvGRMsiYolbOUM\/w323-h400\/umum.png\" alt=\"\"\/><\/a><\/figure>\n\n\n\n<p>Formado em Psicologia pela UNIPAR \u2013 Universidade Paranaense em 2015 \/ Umuarama- Paran\u00e1. Especialista em Terapia Comportamental pelo ITCR \u2013 Instituto de Terapia por Conting\u00eancias de Refor\u00e7amento em 2018 \/ Campinas \u2013 S\u00e3o Paulo.<\/p>\n\n\n\n<p><strong>PARTICIPA\u00c7\u00c3O EM PROJETOS DE EXTENS\u00c3O E PROGRAMAS DE INICIA\u00c7\u00c3O CIENT\u00cdFICA<\/strong><\/p>\n\n\n\n<p>Durante o ano letivo de 2012, participou do programa cl\u00ednica escola idealizado pelo CPA \u2013 Centro de Psicologia Aplicada. Este programa de inicia\u00e7\u00e3o cient\u00edfica &#8211; PIC visava ampliar a percep\u00e7\u00e3o do aluno sobre as demandas que a&nbsp;Psicologia da Unipar recebia da comunidade umuaramense.<\/p>\n\n\n\n<p>De 2013 a 2014, participou do projeto de extens\u00e3o Mam\u00e3e e Beb\u00ea idealizado pelo CPA \u2013 Centro de Psicologia Aplicada em parceria com o Posto de Sa\u00fade da Unipar. Este projeto tinha como finalidade atender m\u00e3es de beb\u00eas de 0 a 18 meses. Visando a sa\u00fade emocional da m\u00e3e e do filho, o aluno tinha em m\u00e3os 32 itens a serem investigados junto com a m\u00e3e baseando-se em sua conviv\u00eancia com o seu filho. Ap\u00f3s a avalia\u00e7\u00e3o de todos estes itens, o aluno sob a supervis\u00e3o de um psic\u00f3logo RT \u2013 psic\u00f3logo respons\u00e1vel t\u00e9cnico, oferecia algumas orienta\u00e7\u00f5es a m\u00e3e com a finalidade de melhorar seu v\u00ednculo materno com o filho.<\/p>\n\n\n\n<p>Durante o ano letivo de 2014 e 2015, participou do programa de inicia\u00e7\u00e3o cientifica \u2013 PIC intitulado de Bio\u00e9tica e Pol\u00edticas de Equidade: Igualdade de oportunidade e respeito \u00e0s diferen\u00e7as.&nbsp;Este programa abordou v\u00e1rios temas relacionados a comunidade social, tais como: intersexualidade, homossexualidade, transexualidade.<\/p>\n\n\n\n<p><strong>CAP\u00cdTULOS DE LIVROS PUBLICADOS<\/strong><\/p>\n\n\n\n<p>GON\u00c7ALES, A. A.; VIEIRA, T. R. . Bio\u00e9tica, intersexualidade e o direito \u00e0 livre determina\u00e7\u00e3o sexual. In: Maria Berenice Dias.. (Org.). Bio\u00e9tica, intersexualidade e o direito \u00e0 livre determina\u00e7\u00e3o sexual. 1ed.S\u00e3o Paulo: Thomson Reuters Brasil, 2018, v. 1, p. 1-603.<\/p>\n\n\n\n<p>GON\u00c7ALES, A. A.;&nbsp;VIEIRA, T. R. . X &#8211; INTERSEXO: ANOTA\u00c7\u00d5ES BIO\u00c9TICAS E JUR\u00cdDICAS. In: Carlos Alexandre Moraes; Val\u00e9ria Silva Galdino Cardin. (Org.). Novos Direitos e Direitos da Personalidade. 1ed.Maring\u00e1: Editora Vivens, 2015, v. III, p. 01-288.<\/p>\n\n\n\n<p><strong>ARTIGOS PUBLICADOS EM JORNAIS<\/strong><\/p>\n\n\n\n<p>GON\u00c7ALES, A. A.;&nbsp; As cinco fases do luto: quando buscar ajuda para superar a dor da perda?. Caderno Jur\u00eddico, Umuarama, p. 01 &#8211; 15, 13 out. 2017.<\/p>\n\n\n\n<p>GON\u00c7ALES, A. A.;&nbsp;Ansiedade: o sofrimento que interrompe o prazer pela vida. Caderno Jur\u00eddico, http:\/\/cadernojuridico.com.br\/, p. 01, 01 jul. 2017.<\/p>\n\n\n\n<p>GON\u00c7ALES, A. A.;&nbsp;&nbsp;Algumas dicas para evitar a depress\u00e3o. Umuarama Ilustrado, Pol\u00edtica, 09 jan. 2017.<\/p>\n\n\n\n<p><strong>DEMANDAS PSIC\u00d3LOGICAS E COMPORTAMENTAIS ATENDIDAS<\/strong><\/p>\n\n\n\n<p><strong>C<\/strong>omo Psic\u00f3logo Comportamental cl\u00ednico ofere\u00e7o&nbsp;PSICOTERAPIA INDIVIDUAL&nbsp;para adolescentes (orienta\u00e7\u00f5es aos pais&nbsp;ou respons\u00e1veis legais), adultos e idosos, com queixas relacionadas a:<\/p>\n\n\n\n<ul class=\"wp-block-list\">\n<li>Depress\u00e3o<\/li>\n\n\n\n<li>Ansiedade;<\/li>\n\n\n\n<li>Fobia Social\/Ansiedade Social;<\/li>\n\n\n\n<li>Baixa Motiva\u00e7\u00e3o;<\/li>\n\n\n\n<li>Des\u00e2nimo;<\/li>\n\n\n\n<li>Tristeza profunda;<\/li>\n\n\n\n<li>Automutila\u00e7\u00e3o;<\/li>\n\n\n\n<li>Medos;<\/li>\n\n\n\n<li>Ins\u00f4nia;<\/li>\n\n\n\n<li>Impulsividade;<\/li>\n\n\n\n<li>Falta de Autocontrole;<\/li>\n\n\n\n<li>Vergonha excessiva;<\/li>\n\n\n\n<li>Timidez;<\/li>\n\n\n\n<li>Pesadelos;<\/li>\n\n\n\n<li>Irritabilidades;<\/li>\n\n\n\n<li>Express\u00e3o de Emo\u00e7\u00f5es;<\/li>\n\n\n\n<li>Inassertividade;<\/li>\n\n\n\n<li>Assertividade;<\/li>\n\n\n\n<li>Agressividade;<\/li>\n\n\n\n<li>Pensamentos Obsessivos;<\/li>\n\n\n\n<li>Borderline;<\/li>\n\n\n\n<li>Estafa Emocional;<\/li>\n\n\n\n<li>Compuls\u00e3o por compras;<\/li>\n\n\n\n<li>Compuls\u00e3o alimentar;<\/li>\n\n\n\n<li>Desenvolvimento Pessoal;<\/li>\n\n\n\n<li>Dificuldades Escolares;&nbsp;<\/li>\n\n\n\n<li>Autoconhecimento;<\/li>\n\n\n\n<li>Crise de Meia Idade;<\/li>\n\n\n\n<li>Crises da adolesc\u00eancia;&nbsp;<\/li>\n\n\n\n<li>Conflitos profissionais;&nbsp;<\/li>\n\n\n\n<li>Estresse;&nbsp;<\/li>\n\n\n\n<li>S\u00edndrome de Burnout;&nbsp;<\/li>\n\n\n\n<li>Doen\u00e7a do P\u00e2nico;&nbsp;<\/li>\n\n\n\n<li>Transtorno Bipolar;&nbsp;<\/li>\n\n\n\n<li>Dificuldade de Enfrentamento;<\/li>\n\n\n\n<li>Luto;<\/li>\n\n\n\n<li>Baixa Autoestima<\/li>\n\n\n\n<li>Baixa Autoconfian\u00e7a;<\/li>\n\n\n\n<li>Esquizofrenia;&nbsp;<\/li>\n\n\n\n<li>Bulimia;<\/li>\n\n\n\n<li>Conflitos Financeiros;<\/li>\n\n\n\n<li>Anorexia;&nbsp;<\/li>\n\n\n\n<li>Viol\u00eancia Dom\u00e9stica;<\/li>\n\n\n\n<li>Hiperatividade;&nbsp;<\/li>\n\n\n\n<li>Agita\u00e7\u00e3o<\/li>\n\n\n\n<li>Baixa Autoconsci\u00eancia Corporal;<\/li>\n\n\n\n<li>Problemas na Educa\u00e7\u00e3o de Crian\u00e7as e Adolescentes;&nbsp;<\/li>\n\n\n\n<li>Relacionamento Conturbado com os filhos;<\/li>\n\n\n\n<li>Problemas na \u00c1rea da Sexualidade;&nbsp;<\/li>\n\n\n\n<li>TOC \u2013 Transtorno Obsessivo Compulsivo;&nbsp;<\/li>\n\n\n\n<li>TAG \u2013 Transtorno de Ansiedade Generalizada;&nbsp;<\/li>\n\n\n\n<li>Abuso Sexual, F\u00edsico e Verbal;<\/li>\n\n\n\n<li>TDAH &#8211; Transtorno De D\u00e9ficit de Aten\u00e7\u00e3o;&nbsp;<\/li>\n\n\n\n<li>Atendimento psicol\u00f3gico para PV-HIV: Pessoas Vivendo com H.I.V e pessoas em est\u00e1gio de AIDS;<\/li>\n\n\n\n<li>TAG \u2013 Transtorno de Ansiedade Generalizada;&nbsp;<\/li>\n\n\n\n<li>Dificuldades de Estabelecer Objetivos Sociais e Pessoais;<\/li>\n\n\n\n<li>Dificuldades de Relacionamentos com Amigos;<\/li>\n\n\n\n<li>Problemas no Relacionamento Amoroso;&nbsp;<\/li>\n\n\n\n<li>Comportamentos<\/li>\n\n\n\n<li>Dentre outras;<\/li>\n<\/ul>\n\n\n\n<p><strong>ENDERE\u00c7O<\/strong><\/p>\n\n\n\n<p>Avenida Brasil, 4399, Ed. Rosa, sala 704, s\u00e9timo andar. Zona 1, Centro, Maring\u00e1 \/ Paran\u00e1. A seguir,&nbsp;<strong>AVALIA\u00c7\u00d5ES DE CLIENTES<\/strong>&nbsp;e a rota para chegar \u00e0 cl\u00ednica:<\/p>\n\n\n\n<figure class=\"wp-block-image\"><img decoding=\"async\" src=\"https:\/\/img1.blogblog.com\/img\/video_object.png\" alt=\"\"\/><\/figure>\n\n\n\n<p><strong>&nbsp; &nbsp; &nbsp;RECEP\u00c7\u00c3O DA CL\u00cdNICA<\/strong><\/p>\n\n\n\n<figure class=\"wp-block-image\"><a href=\"https:\/\/www.blogger.com\/#\"><img decoding=\"async\" src=\"https:\/\/blogger.googleusercontent.com\/img\/b\/R29vZ2xl\/AVvXsEiyD5zEvJm3omQHZF8TBbswVSx4jCZgeWxWnWV3UDr8qqloY6rARrZJnyIbYV0fBw-fnUji48OYLBV6S0kTobvuF0EZDYKgv3IP5cIv01Pfh02acSg6Sg9egEbkdPJ280ynVjrzhy0EkEsnZ6JgrtiIXcj2TH4Q38d8kRPdg1XWjtvm_rqleSB-6kmNutY\/w300-h400\/405210619_6922248654557659_3976952059125515426_n.jpg\" alt=\"\"\/><\/a><\/figure>\n\n\n\n<figure class=\"wp-block-image\"><a href=\"https:\/\/www.blogger.com\/#\"><img decoding=\"async\" src=\"https:\/\/blogger.googleusercontent.com\/img\/b\/R29vZ2xl\/AVvXsEhmmo8Tj2C8wue5o4tJJYUgZQB8YZRHy4hHjSACxOYkYsImIWAEi79mxJmbzXZtaYRKZvPh-0rckPhdHigxwCKGXvO1PtEB1mwsKO-7joOsEcNBDhGHqON9eCvLcAE7Q3SiNljwCksVFmq0XZ3B-4FPcfxCbNVlhoV-IyQgODRVhT_KPS9tsRMkzB4cUQY\/w300-h400\/405453291_6922249341224257_5604512184599562390_n.jpg\" alt=\"\"\/><\/a><\/figure>\n\n\n\n<p><strong><br><a href=\"https:\/\/www.blogger.com\/#\"><\/a><br><a href=\"https:\/\/www.blogger.com\/#\"><\/a>SALA DE ATENDIMENTO<br><a href=\"https:\/\/www.blogger.com\/#\"><\/a><\/strong><\/p>\n\n\n\n<figure class=\"wp-block-image\"><a href=\"https:\/\/www.blogger.com\/#\"><img decoding=\"async\" src=\"https:\/\/blogger.googleusercontent.com\/img\/b\/R29vZ2xl\/AVvXsEiIRtXEoZCR4P9pmjJUUwUoZXFFhUlA0DKsZeJMouiwnb2u1IdNnOdfipBdzupwlJHyCvchUIBx1J1BpngvDFLWBTJKz3DbGlPQTXk3xs1FY7Hd7qdo7ArtMlWRDK4JA5zIdg1AOB-R7xN24L4Sa0aqy-R6U2iDWlNZiIZ2XBXwSTZPuFf83ErPCNlCC34\/w300-h400\/405092999_6922246584557866_2046388263556525612_n.jpg\" alt=\"\"\/><\/a><\/figure>\n\n\n\n<p><strong><br><a href=\"https:\/\/www.blogger.com\/#\"><\/a><br><a href=\"https:\/\/www.blogger.com\/#\"><\/a><\/strong><\/p>\n","protected":false},"excerpt":{"rendered":"<p>Bem vindo\/a Cl\u00ednica de Psicologia, psic\u00f3logo Anderson Gon\u00e7ales,&nbsp;CRP 08\/22439, Maring\u00e1, Paran\u00e1. Para agendamento&nbsp;de sess\u00e3o presencial ou on-line, consultar&nbsp;valores, pacotes promocionais e esclarecer outras d\u00favidas,&nbsp;ligue&nbsp;(44) 9.9910-7328&nbsp;ou envie mensagem de Whatsapp, clique no bot\u00e3o abaixo: A TRAJET\u00d3RIA DE ANDERSON GON\u00c7ALES NA PSICOLOGIA Formado em Psicologia pela UNIPAR \u2013 Universidade Paranaense em 2015 \/ Umuarama- Paran\u00e1. Especialista em [&hellip;]<\/p>\n","protected":false},"author":1,"featured_media":291,"comment_status":"open","ping_status":"open","sticky":false,"template":"","format":"standard","meta":{"footnotes":""},"categories":[1],"tags":[],"class_list":["post-20","post","type-post","status-publish","format-standard","has-post-thumbnail","hentry","category-blog"],"_links":{"self":[{"href":"https:\/\/psicologomaringa.com\/index.php\/wp-json\/wp\/v2\/posts\/20","targetHints":{"allow":["GET"]}}],"collection":[{"href":"https:\/\/psicologomaringa.com\/index.php\/wp-json\/wp\/v2\/posts"}],"about":[{"href":"https:\/\/psicologomaringa.com\/index.php\/wp-json\/wp\/v2\/types\/post"}],"author":[{"embeddable":true,"href":"https:\/\/psicologomaringa.com\/index.php\/wp-json\/wp\/v2\/users\/1"}],"replies":[{"embeddable":true,"href":"https:\/\/psicologomaringa.com\/index.php\/wp-json\/wp\/v2\/comments?post=20"}],"version-history":[{"count":4,"href":"https:\/\/psicologomaringa.com\/index.php\/wp-json\/wp\/v2\/posts\/20\/revisions"}],"predecessor-version":[{"id":614,"href":"https:\/\/psicologomaringa.com\/index.php\/wp-json\/wp\/v2\/posts\/20\/revisions\/614"}],"wp:featuredmedia":[{"embeddable":true,"href":"https:\/\/psicologomaringa.com\/index.php\/wp-json\/wp\/v2\/media\/291"}],"wp:attachment":[{"href":"https:\/\/psicologomaringa.com\/index.php\/wp-json\/wp\/v2\/media?parent=20"}],"wp:term":[{"taxonomy":"category","embeddable":true,"href":"https:\/\/psicologomaringa.com\/index.php\/wp-json\/wp\/v2\/categories?post=20"},{"taxonomy":"post_tag","embeddable":true,"href":"https:\/\/psicologomaringa.com\/index.php\/wp-json\/wp\/v2\/tags?post=20"}],"curies":[{"name":"wp","href":"https:\/\/api.w.org\/{rel}","templated":true}]}}